{"id":906,"date":"2023-08-28T11:49:53","date_gmt":"2023-08-28T11:49:53","guid":{"rendered":"http:\/\/sindikataleksinac.com\/?p=906"},"modified":"2023-08-28T11:55:14","modified_gmt":"2023-08-28T11:55:14","slug":"bez-dogovora-oko-korekcije-minimalca-za-ovu-godinu-vlada-predlozila-povecanje-za-2024-godinu","status":"publish","type":"post","link":"https:\/\/sindikataleksinac.com\/?p=906","title":{"rendered":"Bez dogovora oko korekcije minimalca za ovu godinu, vlada predlo\u017eila pove\u0107anje za 2024. godinu"},"content":{"rendered":"\n<div class=\"wp-block-group\"><div class=\"wp-block-group__inner-container is-layout-constrained wp-block-group-is-layout-constrained\">\n<p class=\"has-text-align-left\">Na dana\u0161njem sastanku izme\u0111u pregovara\u010dkih timova reprezentativnih sindikata, vlade i poslodavaca nije postignut dogovor oko minimalne cene rada.<\/p>\n\n\n<div class=\"wp-block-image\">\n<figure class=\"alignleft size-full\"><a href=\"http:\/\/sindikataleksinac.com\/wp-content\/uploads\/2016\/08\/minimalac.jpg\"><img loading=\"lazy\" decoding=\"async\" width=\"275\" height=\"183\" src=\"http:\/\/sindikataleksinac.com\/wp-content\/uploads\/2016\/08\/minimalac.jpg\" alt=\"\" class=\"wp-image-509\"\/><\/a><\/figure>\n<\/div>\n\n\n<p>Pregovori su prekinuti jer nije ispunjen zahtev sindikata da se prvo pregovara o korekciji minimalne zarade za ovu godinu, pa tek onda o novoj ceni \u201eminimalca\u201c za 2024. godinu.<\/p>\n<\/div><\/div>\n\n\n\n<p>Predstavnici Ministarstva finansija su danas predlo\u017eili da minimalna cena rada za 2024. godinu bude pove\u0107ana za 17,8 odsto, odnosno da bude 47.154 dinara.<\/p>\n\n\n\n<p>Oni su, tako\u0111e, predlo\u017eili da se poslodavcima pove\u0107a neoporezivi deo zarade sa 21.000 na 25.000 dinara.<\/p>\n\n\n\n<p>Predstavnici Saveza samostalnih sindikata Srbije i danas su ponovili stav da se prvo pregovara o pove\u0107anju minimalne cene rada za ovu godinu, kao i da se \u201cminimalac\u201d izjedna\u010di sa minimalnom potro\u0161a\u010dkom korpom.<\/p>\n\n\n\n<!--more-->\n\n\n\n<p>Kada to bude u\u010dinjeno, \u0161to je bilo i obe\u0107anje ministra finansija, SSSS \u0107e po\u010deti pregovore oko pove\u0107anja minimalne zarade za idu\u0107u godinu.<\/p>\n\n\n\n<p>Razre\u0161enje ove situacije bi moglo da bude na kolegijumu Socijalnog ekonomskog saveta, zakazanom za utorak, 29. avgusta, u prostorijama Saveza samostalnih sindikata Srbije, na kojem bi trebalo da bude prisutan i ministar finansija Sini\u0161a Mali.<\/p>\n","protected":false},"excerpt":{"rendered":"<p>Na dana\u0161njem sastanku izme\u0111u pregovara\u010dkih timova reprezentativnih sindikata, vlade i poslodavaca nije postignut dogovor oko minimalne cene rada. Pregovori su prekinuti jer nije ispunjen zahtev sindikata da se prvo pregovara o korekciji minimalne zarade za ovu godinu, pa tek onda o novoj ceni \u201eminimalca\u201c za 2024. godinu. Predstavnici Ministarstva finansija su danas predlo\u017eili da minimalna [&hellip;]<\/p>\n","protected":false},"author":1,"featured_media":0,"comment_status":"closed","ping_status":"closed","sticky":false,"template":"","format":"standard","meta":{"ngg_post_thumbnail":0,"footnotes":""},"categories":[1],"tags":[],"class_list":["post-906","post","type-post","status-publish","format-standard","hentry","category-uncategorized"],"yoast_head":"<!-- This site is optimized with the Yoast SEO plugin v24.7 - https:\/\/yoast.com\/wordpress\/plugins\/seo\/ -->\n<title>Bez dogovora oko korekcije minimalca za ovu godinu, vlada predlo\u017eila pove\u0107anje za 2024. godinu - \u0421\u0421\u0421\u0421\u0420\u0411\u0418\u0408\u0415 \u0417\u0410 \u041e\u041f\u0428\u0422\u0418\u041d\u0415 \u0410\u041b\u0415\u041a\u0421\u0418\u041d\u0410\u0426,\u0420\u0410\u0416\u0410\u040a \u0418 \u0421\u041e\u041a\u041e \u0411\u0410\u040a\u0410<\/title>\n<meta name=\"robots\" content=\"index, follow, max-snippet:-1, max-image-preview:large, max-video-preview:-1\" \/>\n<link rel=\"canonical\" href=\"http:\/\/sindikataleksinac.com\/?p=906\" \/>\n<meta property=\"og:locale\" content=\"sr_RS\" \/>\n<meta property=\"og:type\" content=\"article\" \/>\n<meta property=\"og:title\" content=\"Bez dogovora oko korekcije minimalca za ovu godinu, vlada predlo\u017eila pove\u0107anje za 2024. godinu - \u0421\u0421\u0421\u0421\u0420\u0411\u0418\u0408\u0415 \u0417\u0410 \u041e\u041f\u0428\u0422\u0418\u041d\u0415 \u0410\u041b\u0415\u041a\u0421\u0418\u041d\u0410\u0426,\u0420\u0410\u0416\u0410\u040a \u0418 \u0421\u041e\u041a\u041e \u0411\u0410\u040a\u0410\" \/>\n<meta property=\"og:description\" content=\"Na dana\u0161njem sastanku izme\u0111u pregovara\u010dkih timova reprezentativnih sindikata, vlade i poslodavaca nije postignut dogovor oko minimalne cene rada. Pregovori su prekinuti jer nije ispunjen zahtev sindikata da se prvo pregovara o korekciji minimalne zarade za ovu godinu, pa tek onda o novoj ceni \u201eminimalca\u201c za 2024. godinu. Predstavnici Ministarstva finansija su danas predlo\u017eili da minimalna [&hellip;]\" \/>\n<meta property=\"og:url\" content=\"http:\/\/sindikataleksinac.com\/?p=906\" \/>\n<meta property=\"og:site_name\" content=\"\u0421\u0421\u0421\u0421\u0420\u0411\u0418\u0408\u0415 \u0417\u0410 \u041e\u041f\u0428\u0422\u0418\u041d\u0415 \u0410\u041b\u0415\u041a\u0421\u0418\u041d\u0410\u0426,\u0420\u0410\u0416\u0410\u040a \u0418 \u0421\u041e\u041a\u041e \u0411\u0410\u040a\u0410\" \/>\n<meta property=\"article:published_time\" content=\"2023-08-28T11:49:53+00:00\" \/>\n<meta property=\"article:modified_time\" content=\"2023-08-28T11:55:14+00:00\" \/>\n<meta property=\"og:image\" content=\"http:\/\/sindikataleksinac.com\/wp-content\/uploads\/2016\/08\/minimalac.jpg\" \/>\n<meta name=\"author\" content=\"sindikat\" \/>\n<meta name=\"twitter:label1\" content=\"\u041d\u0430\u043f\u0438\u0441\u0430\u043d\u043e \u043e\u0434\" \/>\n\t<meta name=\"twitter:data1\" content=\"sindikat\" \/>\n\t<meta name=\"twitter:label2\" content=\"\u041f\u0440\u043e\u0446\u0435\u045a\u0435\u043d\u043e \u0432\u0440\u0435\u043c\u0435 \u0447\u0438\u0442\u0430\u045a\u0430\" \/>\n\t<meta name=\"twitter:data2\" content=\"2 \u043c\u0438\u043d\u0443\u0442\u0430\" \/>\n<script type=\"application\/ld+json\" class=\"yoast-schema-graph\">{\"@context\":\"https:\/\/schema.org\",\"@graph\":[{\"@type\":\"WebPage\",\"@id\":\"http:\/\/sindikataleksinac.com\/?p=906\",\"url\":\"http:\/\/sindikataleksinac.com\/?p=906\",\"name\":\"Bez dogovora oko korekcije minimalca za ovu godinu, vlada predlo\u017eila pove\u0107anje za 2024. godinu - \u0421\u0421\u0421\u0421\u0420\u0411\u0418\u0408\u0415 \u0417\u0410 \u041e\u041f\u0428\u0422\u0418\u041d\u0415 \u0410\u041b\u0415\u041a\u0421\u0418\u041d\u0410\u0426,\u0420\u0410\u0416\u0410\u040a \u0418 \u0421\u041e\u041a\u041e \u0411\u0410\u040a\u0410\",\"isPartOf\":{\"@id\":\"https:\/\/sindikataleksinac.com\/#website\"},\"primaryImageOfPage\":{\"@id\":\"http:\/\/sindikataleksinac.com\/?p=906#primaryimage\"},\"image\":{\"@id\":\"http:\/\/sindikataleksinac.com\/?p=906#primaryimage\"},\"thumbnailUrl\":\"http:\/\/sindikataleksinac.com\/wp-content\/uploads\/2016\/08\/minimalac.jpg\",\"datePublished\":\"2023-08-28T11:49:53+00:00\",\"dateModified\":\"2023-08-28T11:55:14+00:00\",\"author\":{\"@id\":\"https:\/\/sindikataleksinac.com\/#\/schema\/person\/41d474856761e3cf85af4e749ee6e650\"},\"breadcrumb\":{\"@id\":\"http:\/\/sindikataleksinac.com\/?p=906#breadcrumb\"},\"inLanguage\":\"sr-RS\",\"potentialAction\":[{\"@type\":\"ReadAction\",\"target\":[\"http:\/\/sindikataleksinac.com\/?p=906\"]}]},{\"@type\":\"ImageObject\",\"inLanguage\":\"sr-RS\",\"@id\":\"http:\/\/sindikataleksinac.com\/?p=906#primaryimage\",\"url\":\"https:\/\/sindikataleksinac.com\/wp-content\/uploads\/2016\/08\/minimalac.jpg\",\"contentUrl\":\"https:\/\/sindikataleksinac.com\/wp-content\/uploads\/2016\/08\/minimalac.jpg\",\"width\":275,\"height\":183},{\"@type\":\"BreadcrumbList\",\"@id\":\"http:\/\/sindikataleksinac.com\/?p=906#breadcrumb\",\"itemListElement\":[{\"@type\":\"ListItem\",\"position\":1,\"name\":\"Home\",\"item\":\"https:\/\/sindikataleksinac.com\/\"},{\"@type\":\"ListItem\",\"position\":2,\"name\":\"Bez dogovora oko korekcije minimalca za ovu godinu, vlada predlo\u017eila pove\u0107anje za 2024. godinu\"}]},{\"@type\":\"WebSite\",\"@id\":\"https:\/\/sindikataleksinac.com\/#website\",\"url\":\"https:\/\/sindikataleksinac.com\/\",\"name\":\"\u0421\u0421\u0421\u0421\u0420\u0411\u0418\u0408\u0415 \u0417\u0410 \u041e\u041f\u0428\u0422\u0418\u041d\u0415 \u0410\u041b\u0415\u041a\u0421\u0418\u041d\u0410\u0426,\u0420\u0410\u0416\u0410\u040a \u0418 \u0421\u041e\u041a\u041e \u0411\u0410\u040a\u0410\",\"description\":\"\u0414\u041e\u0411\u0420\u041e \u0414\u041e\u0428\u041b\u0418 \u0423 \u0421\u0410\u0412\u0415\u0417 \u0421\u0410\u041c\u041e\u0421\u0422\u0410\u041b\u041d\u0418\u0425 \u0421\u0418\u041d\u0414\u0418\u041a\u0410\u0422\u0410 \u0421\u0420\u0411\u0418\u0408\u0415 \u0417\u0410 \u041e\u041f\u0428\u0422\u0418\u041d\u0415 \u0410\u041b\u0415\u041a\u0421\u0418\u041d\u0410\u0426,\u0420\u0410\u0416\u0410\u040a \u0418 \u0421\u041e\u041a\u041e \u0411\u0410\u040a\u0410\",\"potentialAction\":[{\"@type\":\"SearchAction\",\"target\":{\"@type\":\"EntryPoint\",\"urlTemplate\":\"https:\/\/sindikataleksinac.com\/?s={search_term_string}\"},\"query-input\":{\"@type\":\"PropertyValueSpecification\",\"valueRequired\":true,\"valueName\":\"search_term_string\"}}],\"inLanguage\":\"sr-RS\"},{\"@type\":\"Person\",\"@id\":\"https:\/\/sindikataleksinac.com\/#\/schema\/person\/41d474856761e3cf85af4e749ee6e650\",\"name\":\"sindikat\",\"image\":{\"@type\":\"ImageObject\",\"inLanguage\":\"sr-RS\",\"@id\":\"https:\/\/sindikataleksinac.com\/#\/schema\/person\/image\/\",\"url\":\"https:\/\/secure.gravatar.com\/avatar\/d28d0ee5290f2e4c950750a2f66e5cebcba1ded3c16f144bc1cc8425c1f9b0b1?s=96&d=mm&r=g\",\"contentUrl\":\"https:\/\/secure.gravatar.com\/avatar\/d28d0ee5290f2e4c950750a2f66e5cebcba1ded3c16f144bc1cc8425c1f9b0b1?s=96&d=mm&r=g\",\"caption\":\"sindikat\"},\"url\":\"https:\/\/sindikataleksinac.com\/?author=1\"}]}<\/script>\n<!-- \/ Yoast SEO plugin. -->","yoast_head_json":{"title":"Bez dogovora oko korekcije minimalca za ovu godinu, vlada predlo\u017eila pove\u0107anje za 2024. godinu - \u0421\u0421\u0421\u0421\u0420\u0411\u0418\u0408\u0415 \u0417\u0410 \u041e\u041f\u0428\u0422\u0418\u041d\u0415 \u0410\u041b\u0415\u041a\u0421\u0418\u041d\u0410\u0426,\u0420\u0410\u0416\u0410\u040a \u0418 \u0421\u041e\u041a\u041e \u0411\u0410\u040a\u0410","robots":{"index":"index","follow":"follow","max-snippet":"max-snippet:-1","max-image-preview":"max-image-preview:large","max-video-preview":"max-video-preview:-1"},"canonical":"http:\/\/sindikataleksinac.com\/?p=906","og_locale":"sr_RS","og_type":"article","og_title":"Bez dogovora oko korekcije minimalca za ovu godinu, vlada predlo\u017eila pove\u0107anje za 2024. godinu - \u0421\u0421\u0421\u0421\u0420\u0411\u0418\u0408\u0415 \u0417\u0410 \u041e\u041f\u0428\u0422\u0418\u041d\u0415 \u0410\u041b\u0415\u041a\u0421\u0418\u041d\u0410\u0426,\u0420\u0410\u0416\u0410\u040a \u0418 \u0421\u041e\u041a\u041e \u0411\u0410\u040a\u0410","og_description":"Na dana\u0161njem sastanku izme\u0111u pregovara\u010dkih timova reprezentativnih sindikata, vlade i poslodavaca nije postignut dogovor oko minimalne cene rada. Pregovori su prekinuti jer nije ispunjen zahtev sindikata da se prvo pregovara o korekciji minimalne zarade za ovu godinu, pa tek onda o novoj ceni \u201eminimalca\u201c za 2024. godinu. Predstavnici Ministarstva finansija su danas predlo\u017eili da minimalna [&hellip;]","og_url":"http:\/\/sindikataleksinac.com\/?p=906","og_site_name":"\u0421\u0421\u0421\u0421\u0420\u0411\u0418\u0408\u0415 \u0417\u0410 \u041e\u041f\u0428\u0422\u0418\u041d\u0415 \u0410\u041b\u0415\u041a\u0421\u0418\u041d\u0410\u0426,\u0420\u0410\u0416\u0410\u040a \u0418 \u0421\u041e\u041a\u041e \u0411\u0410\u040a\u0410","article_published_time":"2023-08-28T11:49:53+00:00","article_modified_time":"2023-08-28T11:55:14+00:00","og_image":[{"url":"http:\/\/sindikataleksinac.com\/wp-content\/uploads\/2016\/08\/minimalac.jpg","type":"","width":"","height":""}],"author":"sindikat","twitter_misc":{"\u041d\u0430\u043f\u0438\u0441\u0430\u043d\u043e \u043e\u0434":"sindikat","\u041f\u0440\u043e\u0446\u0435\u045a\u0435\u043d\u043e \u0432\u0440\u0435\u043c\u0435 \u0447\u0438\u0442\u0430\u045a\u0430":"2 \u043c\u0438\u043d\u0443\u0442\u0430"},"schema":{"@context":"https:\/\/schema.org","@graph":[{"@type":"WebPage","@id":"http:\/\/sindikataleksinac.com\/?p=906","url":"http:\/\/sindikataleksinac.com\/?p=906","name":"Bez dogovora oko korekcije minimalca za ovu godinu, vlada predlo\u017eila pove\u0107anje za 2024. godinu - \u0421\u0421\u0421\u0421\u0420\u0411\u0418\u0408\u0415 \u0417\u0410 \u041e\u041f\u0428\u0422\u0418\u041d\u0415 \u0410\u041b\u0415\u041a\u0421\u0418\u041d\u0410\u0426,\u0420\u0410\u0416\u0410\u040a \u0418 \u0421\u041e\u041a\u041e \u0411\u0410\u040a\u0410","isPartOf":{"@id":"https:\/\/sindikataleksinac.com\/#website"},"primaryImageOfPage":{"@id":"http:\/\/sindikataleksinac.com\/?p=906#primaryimage"},"image":{"@id":"http:\/\/sindikataleksinac.com\/?p=906#primaryimage"},"thumbnailUrl":"http:\/\/sindikataleksinac.com\/wp-content\/uploads\/2016\/08\/minimalac.jpg","datePublished":"2023-08-28T11:49:53+00:00","dateModified":"2023-08-28T11:55:14+00:00","author":{"@id":"https:\/\/sindikataleksinac.com\/#\/schema\/person\/41d474856761e3cf85af4e749ee6e650"},"breadcrumb":{"@id":"http:\/\/sindikataleksinac.com\/?p=906#breadcrumb"},"inLanguage":"sr-RS","potentialAction":[{"@type":"ReadAction","target":["http:\/\/sindikataleksinac.com\/?p=906"]}]},{"@type":"ImageObject","inLanguage":"sr-RS","@id":"http:\/\/sindikataleksinac.com\/?p=906#primaryimage","url":"https:\/\/sindikataleksinac.com\/wp-content\/uploads\/2016\/08\/minimalac.jpg","contentUrl":"https:\/\/sindikataleksinac.com\/wp-content\/uploads\/2016\/08\/minimalac.jpg","width":275,"height":183},{"@type":"BreadcrumbList","@id":"http:\/\/sindikataleksinac.com\/?p=906#breadcrumb","itemListElement":[{"@type":"ListItem","position":1,"name":"Home","item":"https:\/\/sindikataleksinac.com\/"},{"@type":"ListItem","position":2,"name":"Bez dogovora oko korekcije minimalca za ovu godinu, vlada predlo\u017eila pove\u0107anje za 2024. godinu"}]},{"@type":"WebSite","@id":"https:\/\/sindikataleksinac.com\/#website","url":"https:\/\/sindikataleksinac.com\/","name":"\u0421\u0421\u0421\u0421\u0420\u0411\u0418\u0408\u0415 \u0417\u0410 \u041e\u041f\u0428\u0422\u0418\u041d\u0415 \u0410\u041b\u0415\u041a\u0421\u0418\u041d\u0410\u0426,\u0420\u0410\u0416\u0410\u040a \u0418 \u0421\u041e\u041a\u041e \u0411\u0410\u040a\u0410","description":"\u0414\u041e\u0411\u0420\u041e \u0414\u041e\u0428\u041b\u0418 \u0423 \u0421\u0410\u0412\u0415\u0417 \u0421\u0410\u041c\u041e\u0421\u0422\u0410\u041b\u041d\u0418\u0425 \u0421\u0418\u041d\u0414\u0418\u041a\u0410\u0422\u0410 \u0421\u0420\u0411\u0418\u0408\u0415 \u0417\u0410 \u041e\u041f\u0428\u0422\u0418\u041d\u0415 \u0410\u041b\u0415\u041a\u0421\u0418\u041d\u0410\u0426,\u0420\u0410\u0416\u0410\u040a \u0418 \u0421\u041e\u041a\u041e \u0411\u0410\u040a\u0410","potentialAction":[{"@type":"SearchAction","target":{"@type":"EntryPoint","urlTemplate":"https:\/\/sindikataleksinac.com\/?s={search_term_string}"},"query-input":{"@type":"PropertyValueSpecification","valueRequired":true,"valueName":"search_term_string"}}],"inLanguage":"sr-RS"},{"@type":"Person","@id":"https:\/\/sindikataleksinac.com\/#\/schema\/person\/41d474856761e3cf85af4e749ee6e650","name":"sindikat","image":{"@type":"ImageObject","inLanguage":"sr-RS","@id":"https:\/\/sindikataleksinac.com\/#\/schema\/person\/image\/","url":"https:\/\/secure.gravatar.com\/avatar\/d28d0ee5290f2e4c950750a2f66e5cebcba1ded3c16f144bc1cc8425c1f9b0b1?s=96&d=mm&r=g","contentUrl":"https:\/\/secure.gravatar.com\/avatar\/d28d0ee5290f2e4c950750a2f66e5cebcba1ded3c16f144bc1cc8425c1f9b0b1?s=96&d=mm&r=g","caption":"sindikat"},"url":"https:\/\/sindikataleksinac.com\/?author=1"}]}},"_links":{"self":[{"href":"https:\/\/sindikataleksinac.com\/index.php?rest_route=\/wp\/v2\/posts\/906","targetHints":{"allow":["GET"]}}],"collection":[{"href":"https:\/\/sindikataleksinac.com\/index.php?rest_route=\/wp\/v2\/posts"}],"about":[{"href":"https:\/\/sindikataleksinac.com\/index.php?rest_route=\/wp\/v2\/types\/post"}],"author":[{"embeddable":true,"href":"https:\/\/sindikataleksinac.com\/index.php?rest_route=\/wp\/v2\/users\/1"}],"replies":[{"embeddable":true,"href":"https:\/\/sindikataleksinac.com\/index.php?rest_route=%2Fwp%2Fv2%2Fcomments&post=906"}],"version-history":[{"count":2,"href":"https:\/\/sindikataleksinac.com\/index.php?rest_route=\/wp\/v2\/posts\/906\/revisions"}],"predecessor-version":[{"id":909,"href":"https:\/\/sindikataleksinac.com\/index.php?rest_route=\/wp\/v2\/posts\/906\/revisions\/909"}],"wp:attachment":[{"href":"https:\/\/sindikataleksinac.com\/index.php?rest_route=%2Fwp%2Fv2%2Fmedia&parent=906"}],"wp:term":[{"taxonomy":"category","embeddable":true,"href":"https:\/\/sindikataleksinac.com\/index.php?rest_route=%2Fwp%2Fv2%2Fcategories&post=906"},{"taxonomy":"post_tag","embeddable":true,"href":"https:\/\/sindikataleksinac.com\/index.php?rest_route=%2Fwp%2Fv2%2Ftags&post=906"}],"curies":[{"name":"wp","href":"https:\/\/api.w.org\/{rel}","templated":true}]}}